{"id":3772,"date":"2025-05-14T18:39:55","date_gmt":"2025-05-14T18:39:55","guid":{"rendered":"https:\/\/24horaspa.com.br\/?p=3772"},"modified":"2025-05-14T18:44:11","modified_gmt":"2025-05-14T18:44:11","slug":"estudantes-da-finama-lancam-jornal-tribuna-do-direito-com-foco-em-formas-de-resolucao-de-conflitos","status":"publish","type":"post","link":"https:\/\/24horaspa.com.br\/?p=3772","title":{"rendered":"Estudantes da Finama lan\u00e7am jornal &#8220;Tribuna do Direito&#8221; com foco em formas de resolu\u00e7\u00e3o de conflitos"},"content":{"rendered":"\n<p><strong>Bel\u00e9m (PA)<\/strong> \u2013 Alunos do 3\u00ba semestre do curso de Direito, turno noturno, da <strong>Faculdade Finama<\/strong> protagonizaram um projeto acad\u00eamico inovador: o lan\u00e7amento do <strong>jornal &#8220;Tribuna do Direito&#8221;<\/strong>, publica\u00e7\u00e3o que re\u00fane 24 mat\u00e9rias produzidas pelos pr\u00f3prios estudantes, abordando temas essenciais do universo jur\u00eddico com foco na resolu\u00e7\u00e3o de conflitos e no acesso \u00e0 Justi\u00e7a.<\/p>\n\n\n\n<p>O projeto foi <strong>idealizado pela professora Agatha Gon\u00e7alves<\/strong>, <strong>Mestre e Doutora em Direito pela UFPA<\/strong>, que leciona a disciplina <strong>Teoria Geral do Processo<\/strong> na institui\u00e7\u00e3o. Com dedica\u00e7\u00e3o e orienta\u00e7\u00e3o rigorosa, a docente incentivou os alunos a aplicarem, na pr\u00e1tica, os conhecimentos te\u00f3ricos adquiridos em sala de aula.<\/p>\n\n\n\n<p>A produ\u00e7\u00e3o do jornal foi dividida por temas centrais relacionados aos meios de resolu\u00e7\u00e3o de conflitos, e cada grupo ficou respons\u00e1vel por uma abordagem espec\u00edfica. Confira os temas e os integrantes respons\u00e1veis:<\/p>\n\n\n\n<hr class=\"wp-block-separator has-alpha-channel-opacity\"\/>\n\n\n\n<h3><strong>Pesquisa Individual \u2013 Tema: Concilia\u00e7\u00e3o<\/strong><\/h3>\n\n\n\n<p><strong>Erica Ferrina<\/strong><\/p>\n\n\n\n<hr class=\"wp-block-separator has-alpha-channel-opacity\"\/>\n\n\n\n<h3><strong>Grupo 01 \u2013 Tema: Autotutela e Media\u00e7\u00e3o<\/strong><\/h3>\n\n\n\n<figure class=\"wp-block-image size-large\"><img decoding=\"async\" loading=\"lazy\" width=\"1024\" height=\"768\" src=\"https:\/\/24horaspa.com.br\/wp-content\/uploads\/2025\/05\/Grupo01-Autotutela-e-Mediacao-1-1024x768.jpeg\" alt=\"\" class=\"wp-image-3774\" srcset=\"https:\/\/24horaspa.com.br\/wp-content\/uploads\/2025\/05\/Grupo01-Autotutela-e-Mediacao-1-1024x768.jpeg 1024w, https:\/\/24horaspa.com.br\/wp-content\/uploads\/2025\/05\/Grupo01-Autotutela-e-Mediacao-1-300x225.jpeg 300w, https:\/\/24horaspa.com.br\/wp-content\/uploads\/2025\/05\/Grupo01-Autotutela-e-Mediacao-1-768x576.jpeg 768w, https:\/\/24horaspa.com.br\/wp-content\/uploads\/2025\/05\/Grupo01-Autotutela-e-Mediacao-1-480x360.jpeg 480w, https:\/\/24horaspa.com.br\/wp-content\/uploads\/2025\/05\/Grupo01-Autotutela-e-Mediacao-1.jpeg 1280w\" sizes=\"(max-width: 1024px) 100vw, 1024px\" \/><\/figure>\n\n\n\n<ul>\n<li>Yanne Caroline<\/li>\n\n\n\n<li>Samara Silva<\/li>\n\n\n\n<li>Robert Cristian<\/li>\n\n\n\n<li>Marcelo Vin\u00edcius<\/li>\n\n\n\n<li>Leny Siqueira<\/li>\n\n\n\n<li>Juliana Azevedo<\/li>\n\n\n\n<li>Joel J\u00fanior<\/li>\n\n\n\n<li>Alana<\/li>\n<\/ul>\n\n\n\n<hr class=\"wp-block-separator has-alpha-channel-opacity\"\/>\n\n\n\n<h3><strong>Grupo 02 \u2013 Tema: Concilia\u00e7\u00e3o<\/strong><\/h3>\n\n\n\n<figure class=\"wp-block-image size-large\"><img decoding=\"async\" loading=\"lazy\" width=\"1024\" height=\"768\" src=\"https:\/\/24horaspa.com.br\/wp-content\/uploads\/2025\/05\/Grupo02-Conciliacao-1024x768.jpeg\" alt=\"\" class=\"wp-image-3775\" srcset=\"https:\/\/24horaspa.com.br\/wp-content\/uploads\/2025\/05\/Grupo02-Conciliacao-1024x768.jpeg 1024w, https:\/\/24horaspa.com.br\/wp-content\/uploads\/2025\/05\/Grupo02-Conciliacao-300x225.jpeg 300w, https:\/\/24horaspa.com.br\/wp-content\/uploads\/2025\/05\/Grupo02-Conciliacao-768x576.jpeg 768w, https:\/\/24horaspa.com.br\/wp-content\/uploads\/2025\/05\/Grupo02-Conciliacao-480x360.jpeg 480w, https:\/\/24horaspa.com.br\/wp-content\/uploads\/2025\/05\/Grupo02-Conciliacao.jpeg 1280w\" sizes=\"(max-width: 1024px) 100vw, 1024px\" \/><\/figure>\n\n\n\n<ul>\n<li>Ariely Souza<\/li>\n\n\n\n<li>Jo\u00e3o Modesto<\/li>\n\n\n\n<li>Lourisangela Monteiro<\/li>\n\n\n\n<li>M\u00e1rio Nascimento<\/li>\n\n\n\n<li>Thiago Coelho<\/li>\n<\/ul>\n\n\n\n<hr class=\"wp-block-separator has-alpha-channel-opacity\"\/>\n\n\n\n<h3><strong>Grupo 03 \u2013 Tema: Jurisdi\u00e7\u00e3o<\/strong><\/h3>\n\n\n\n<figure class=\"wp-block-image size-large\"><img decoding=\"async\" loading=\"lazy\" width=\"1024\" height=\"768\" src=\"https:\/\/24horaspa.com.br\/wp-content\/uploads\/2025\/05\/Grupo03-Jurisdicao-1024x768.jpeg\" alt=\"\" class=\"wp-image-3776\" srcset=\"https:\/\/24horaspa.com.br\/wp-content\/uploads\/2025\/05\/Grupo03-Jurisdicao-1024x768.jpeg 1024w, https:\/\/24horaspa.com.br\/wp-content\/uploads\/2025\/05\/Grupo03-Jurisdicao-300x225.jpeg 300w, https:\/\/24horaspa.com.br\/wp-content\/uploads\/2025\/05\/Grupo03-Jurisdicao-768x576.jpeg 768w, https:\/\/24horaspa.com.br\/wp-content\/uploads\/2025\/05\/Grupo03-Jurisdicao-480x360.jpeg 480w, https:\/\/24horaspa.com.br\/wp-content\/uploads\/2025\/05\/Grupo03-Jurisdicao.jpeg 1280w\" sizes=\"(max-width: 1024px) 100vw, 1024px\" \/><\/figure>\n\n\n\n<ul>\n<li>Micaela Silva<\/li>\n\n\n\n<li>Camila Braga<\/li>\n\n\n\n<li>Dhiego Sidrim<\/li>\n\n\n\n<li>Jullie Anne Lima<\/li>\n\n\n\n<li>Maila Melo<\/li>\n<\/ul>\n\n\n\n<hr class=\"wp-block-separator has-alpha-channel-opacity\"\/>\n\n\n\n<h3><strong>Grupo 04 \u2013 Tema: Arbitragem<\/strong><\/h3>\n\n\n\n<figure class=\"wp-block-image size-large\"><img decoding=\"async\" loading=\"lazy\" width=\"1024\" height=\"768\" src=\"https:\/\/24horaspa.com.br\/wp-content\/uploads\/2025\/05\/Grupo04-Arbitragem-1024x768.jpeg\" alt=\"\" class=\"wp-image-3777\" srcset=\"https:\/\/24horaspa.com.br\/wp-content\/uploads\/2025\/05\/Grupo04-Arbitragem-1024x768.jpeg 1024w, https:\/\/24horaspa.com.br\/wp-content\/uploads\/2025\/05\/Grupo04-Arbitragem-300x225.jpeg 300w, https:\/\/24horaspa.com.br\/wp-content\/uploads\/2025\/05\/Grupo04-Arbitragem-768x576.jpeg 768w, https:\/\/24horaspa.com.br\/wp-content\/uploads\/2025\/05\/Grupo04-Arbitragem-480x360.jpeg 480w, https:\/\/24horaspa.com.br\/wp-content\/uploads\/2025\/05\/Grupo04-Arbitragem.jpeg 1280w\" sizes=\"(max-width: 1024px) 100vw, 1024px\" \/><\/figure>\n\n\n\n<ul>\n<li>Izaac Teixeira<\/li>\n\n\n\n<li>Bruna Marques<\/li>\n\n\n\n<li>Josiane Viana<\/li>\n\n\n\n<li>Luiza Leal<\/li>\n\n\n\n<li>Pedro Vieira<\/li>\n\n\n\n<li>Vit\u00f3ria Limbrit<\/li>\n<\/ul>\n\n\n\n<hr class=\"wp-block-separator has-alpha-channel-opacity\"\/>\n\n\n\n<h3><strong>Grupo 05 \u2013 Tema: ODRs (Online Dispute Resolution)<\/strong><\/h3>\n\n\n\n<figure class=\"wp-block-image size-large\"><img decoding=\"async\" loading=\"lazy\" width=\"1024\" height=\"768\" src=\"https:\/\/24horaspa.com.br\/wp-content\/uploads\/2025\/05\/Grupo05-ODR\u00b4s-1024x768.jpeg\" alt=\"\" class=\"wp-image-3778\" srcset=\"https:\/\/24horaspa.com.br\/wp-content\/uploads\/2025\/05\/Grupo05-ODR\u00b4s-1024x768.jpeg 1024w, https:\/\/24horaspa.com.br\/wp-content\/uploads\/2025\/05\/Grupo05-ODR\u00b4s-300x225.jpeg 300w, https:\/\/24horaspa.com.br\/wp-content\/uploads\/2025\/05\/Grupo05-ODR\u00b4s-768x576.jpeg 768w, https:\/\/24horaspa.com.br\/wp-content\/uploads\/2025\/05\/Grupo05-ODR\u00b4s-480x360.jpeg 480w, https:\/\/24horaspa.com.br\/wp-content\/uploads\/2025\/05\/Grupo05-ODR\u00b4s.jpeg 1280w\" sizes=\"(max-width: 1024px) 100vw, 1024px\" \/><\/figure>\n\n\n\n<ul>\n<li>Eva Bianca Noronha Farias<\/li>\n\n\n\n<li>Daniel Gustavo de Andrade Uch\u00f4a<\/li>\n\n\n\n<li>Celso Rodrigo Felizardo<\/li>\n\n\n\n<li>Alan Henrique Nascimento Sales<\/li>\n<\/ul>\n\n\n\n<hr class=\"wp-block-separator has-alpha-channel-opacity\"\/>\n\n\n\n<p>Al\u00e9m do esfor\u00e7o coletivo dos alunos, o projeto contou com <strong>apoio institucional e patroc\u00ednio<\/strong> de empresas parceiras que acreditam no poder da educa\u00e7\u00e3o e da forma\u00e7\u00e3o jur\u00eddica de qualidade:<\/p>\n\n\n\n<ul>\n<li><strong>Bora Comunica\u00e7\u00e3o e Marketing<\/strong><\/li>\n\n\n\n<li><strong>Construtora Abbitare<\/strong><\/li>\n\n\n\n<li><strong>Cursinho Joana Vieira<\/strong><\/li>\n\n\n\n<li><strong>Paraens\u00edssimo Gastronomia Paraense<\/strong><\/li>\n\n\n\n<li><strong>Fcont Escrit\u00f3rio de Contabilidade<\/strong><\/li>\n<\/ul>\n\n\n\n<p>A <strong>equipe de organiza\u00e7\u00e3o e revis\u00e3o dos textos<\/strong> foi composta por:<\/p>\n\n\n\n<ul>\n<li><strong>Joana Vieira<\/strong><\/li>\n\n\n\n<li><strong>Michel Rabelo<\/strong><\/li>\n\n\n\n<li><strong>Virginia Leite<\/strong><\/li>\n<\/ul>\n\n\n\n<p>A iniciativa reafirma o compromisso da <strong>Faculdade Finama<\/strong> com a forma\u00e7\u00e3o acad\u00eamica pr\u00e1tica e cr\u00edtica, promovendo o protagonismo discente, o trabalho colaborativo e a difus\u00e3o do conhecimento jur\u00eddico por meio de experi\u00eancias que extrapolam os limites da sala de aula.<\/p>\n","protected":false},"excerpt":{"rendered":"<p>Alunos do 3\u00ba semestre do curso de Direito, turno noturno, da Faculdade Finama protagonizaram um projeto acad\u00eamico inovador: o lan\u00e7amento do jornal &#8220;Tribuna do Direito&#8221;, publica\u00e7\u00e3o que re\u00fane 24 mat\u00e9rias produzidas pelos pr\u00f3prios estudantes, abordando temas essenciais do universo jur\u00eddico com foco na resolu\u00e7\u00e3o de conflitos e no acesso \u00e0 Justi\u00e7a.<\/p>\n","protected":false},"author":2,"featured_media":3779,"comment_status":"closed","ping_status":"closed","sticky":false,"template":"","format":"standard","meta":{"om_disable_all_campaigns":false,"_mi_skip_tracking":false},"categories":[4],"tags":[],"aioseo_notices":[],"_links":{"self":[{"href":"https:\/\/24horaspa.com.br\/index.php?rest_route=\/wp\/v2\/posts\/3772"}],"collection":[{"href":"https:\/\/24horaspa.com.br\/index.php?rest_route=\/wp\/v2\/posts"}],"about":[{"href":"https:\/\/24horaspa.com.br\/index.php?rest_route=\/wp\/v2\/types\/post"}],"author":[{"embeddable":true,"href":"https:\/\/24horaspa.com.br\/index.php?rest_route=\/wp\/v2\/users\/2"}],"replies":[{"embeddable":true,"href":"https:\/\/24horaspa.com.br\/index.php?rest_route=%2Fwp%2Fv2%2Fcomments&post=3772"}],"version-history":[{"count":1,"href":"https:\/\/24horaspa.com.br\/index.php?rest_route=\/wp\/v2\/posts\/3772\/revisions"}],"predecessor-version":[{"id":3780,"href":"https:\/\/24horaspa.com.br\/index.php?rest_route=\/wp\/v2\/posts\/3772\/revisions\/3780"}],"wp:featuredmedia":[{"embeddable":true,"href":"https:\/\/24horaspa.com.br\/index.php?rest_route=\/wp\/v2\/media\/3779"}],"wp:attachment":[{"href":"https:\/\/24horaspa.com.br\/index.php?rest_route=%2Fwp%2Fv2%2Fmedia&parent=3772"}],"wp:term":[{"taxonomy":"category","embeddable":true,"href":"https:\/\/24horaspa.com.br\/index.php?rest_route=%2Fwp%2Fv2%2Fcategories&post=3772"},{"taxonomy":"post_tag","embeddable":true,"href":"https:\/\/24horaspa.com.br\/index.php?rest_route=%2Fwp%2Fv2%2Ftags&post=3772"}],"curies":[{"name":"wp","href":"https:\/\/api.w.org\/{rel}","templated":true}]}}