{"id":3744,"date":"2023-10-03T21:54:27","date_gmt":"2023-10-03T21:54:27","guid":{"rendered":"https:\/\/24horaspa.com.br\/?p=3744"},"modified":"2023-10-03T22:28:32","modified_gmt":"2023-10-03T22:28:32","slug":"armando-ferreira-rodrigues-filho-em-busca-da-nomeacao-como-desembargador-federal-do-trabalho","status":"publish","type":"post","link":"https:\/\/24horaspa.com.br\/?p=3744","title":{"rendered":"<strong>Armando Ferreira Rodrigues Filho: Em Busca da Nomea\u00e7\u00e3o Como Desembargador Federal do Trabalho<\/strong>"},"content":{"rendered":"\n<p>No cen\u00e1rio da advocacia brasileira, destacar profissionais que dedicam suas vidas \u00e0 defesa das prerrogativas da advocacia e \u00e0 justi\u00e7a igualit\u00e1ria \u00e9 fundamental. Uma dessas hist\u00f3rias inspiradoras \u00e9 a de Armando Ferreira Rodrigues Filho, cuja trajet\u00f3ria de 35 anos na advocacia p\u00fablica e privada \u00e9 marcada por sua dedica\u00e7\u00e3o incans\u00e1vel a esses princ\u00edpios e agora mira a integra\u00e7\u00e3o da lista s\u00eaxtupla do CFOAB.<\/p>\n\n\n\n<p><strong>Origens e Paix\u00e3o pela Advocacia<\/strong><\/p>\n\n\n\n<p>Nascido em Campo-Maior, Piau\u00ed, Armando encontrou sua segunda casa em Bel\u00e9m do Par\u00e1 aos dois anos de idade. Essa fus\u00e3o de ra\u00edzes nordestinas com a cultura acolhedora do Norte do Brasil moldou sua identidade e sua paix\u00e3o pela advocacia. Seu interesse pela \u00e1rea jur\u00eddica come\u00e7ou em 1982, quando ingressou na CESEP (atualmente UNAMA) e concluiu sua forma\u00e7\u00e3o em 1987.<\/p>\n\n\n\n<p><strong>Defensor das Prerrogativas da Advocacia<\/strong><\/p>\n\n\n\n<p>Ao longo de sua carreira, Armando sempre esteve na linha de frente na defesa das prerrogativas da advocacia. Ele acredita que essas prerrogativas s\u00e3o fundamentais para manter a democracia, a cidadania e a justi\u00e7a igualit\u00e1ria em nossa sociedade. Sua dedica\u00e7\u00e3o nesse sentido \u00e9 not\u00e1vel, e ele recebeu comendas da OAB e do TRT da 8\u00aa Regi\u00e3o em reconhecimento a seu comprometimento.<\/p>\n\n\n\n<figure class=\"wp-block-image size-full\"><img decoding=\"async\" loading=\"lazy\" width=\"768\" height=\"1024\" src=\"https:\/\/24horaspa.com.br\/wp-content\/uploads\/2023\/10\/WhatsApp-Image-2023-10-02-at-18.01.23.jpeg\" alt=\"\" class=\"wp-image-3751\" srcset=\"https:\/\/24horaspa.com.br\/wp-content\/uploads\/2023\/10\/WhatsApp-Image-2023-10-02-at-18.01.23.jpeg 768w, https:\/\/24horaspa.com.br\/wp-content\/uploads\/2023\/10\/WhatsApp-Image-2023-10-02-at-18.01.23-225x300.jpeg 225w, https:\/\/24horaspa.com.br\/wp-content\/uploads\/2023\/10\/WhatsApp-Image-2023-10-02-at-18.01.23-480x640.jpeg 480w\" sizes=\"(max-width: 768px) 100vw, 768px\" \/><figcaption class=\"wp-element-caption\">Desembargadora Corregedora Maria Zuila e a ex-Presidente do TRT Suzy Cavalcante<\/figcaption><\/figure>\n\n\n\n<p><strong>Contribui\u00e7\u00e3o \u00e0 Justi\u00e7a do Trabalho e o Caminho Rumo \u00e0 Nomea\u00e7\u00e3o<\/strong><\/p>\n\n\n\n<p>Armando n\u00e3o apenas defende os princ\u00edpios da advocacia, mas tamb\u00e9m contribui de maneira significativa para a \u00e1rea do direito do trabalho. Sua paix\u00e3o pela Justi\u00e7a do Trabalho o levou a buscar a magistratura, por meio do Quinto Constitucional da OAB. Ele v\u00ea na Justi\u00e7a do Trabalho uma institui\u00e7\u00e3o essencial para a sociedade brasileira, que busca efici\u00eancia na presta\u00e7\u00e3o jurisdicional e moderniza\u00e7\u00e3o por meio do processo eletr\u00f4nico.<\/p>\n\n\n\n<figure class=\"wp-block-image size-full\"><img decoding=\"async\" loading=\"lazy\" width=\"768\" height=\"1024\" src=\"https:\/\/24horaspa.com.br\/wp-content\/uploads\/2023\/10\/WhatsApp-Image-2023-10-02-at-18.01.23-1-1.jpeg\" alt=\"\" class=\"wp-image-3755\" srcset=\"https:\/\/24horaspa.com.br\/wp-content\/uploads\/2023\/10\/WhatsApp-Image-2023-10-02-at-18.01.23-1-1.jpeg 768w, https:\/\/24horaspa.com.br\/wp-content\/uploads\/2023\/10\/WhatsApp-Image-2023-10-02-at-18.01.23-1-1-225x300.jpeg 225w, https:\/\/24horaspa.com.br\/wp-content\/uploads\/2023\/10\/WhatsApp-Image-2023-10-02-at-18.01.23-1-1-480x640.jpeg 480w\" sizes=\"(max-width: 768px) 100vw, 768px\" \/><figcaption class=\"wp-element-caption\">Desembargadora Sulamir<\/figcaption><\/figure>\n\n\n\n<p><strong>Buscando a Nomea\u00e7\u00e3o Como Desembargador Federal do Trabalho<\/strong><\/p>\n\n\n\n<p>O grande objetivo de Armando Ferreira Rodrigues Filho \u00e9 integrar a lista s\u00eaxtupla do CFOAB, que ser\u00e1 enviada ao TRT da 8\u00aa Regi\u00e3o. Seu sonho e compromisso s\u00e3o ser nomeado como Desembargador Federal do Trabalho. Com isso, ele continuar\u00e1 sua jornada de contribui\u00e7\u00e3o para o fortalecimento e democratiza\u00e7\u00e3o da Justi\u00e7a do Trabalho no Brasil.<\/p>\n\n\n\n<figure class=\"wp-block-image size-large\"><img decoding=\"async\" loading=\"lazy\" width=\"1024\" height=\"768\" src=\"https:\/\/24horaspa.com.br\/wp-content\/uploads\/2023\/10\/WhatsApp-Image-2023-10-03-at-17.38.48-1024x768.jpeg\" alt=\"\" class=\"wp-image-3749\" srcset=\"https:\/\/24horaspa.com.br\/wp-content\/uploads\/2023\/10\/WhatsApp-Image-2023-10-03-at-17.38.48-1024x768.jpeg 1024w, https:\/\/24horaspa.com.br\/wp-content\/uploads\/2023\/10\/WhatsApp-Image-2023-10-03-at-17.38.48-300x225.jpeg 300w, https:\/\/24horaspa.com.br\/wp-content\/uploads\/2023\/10\/WhatsApp-Image-2023-10-03-at-17.38.48-768x576.jpeg 768w, https:\/\/24horaspa.com.br\/wp-content\/uploads\/2023\/10\/WhatsApp-Image-2023-10-03-at-17.38.48-1536x1152.jpeg 1536w, https:\/\/24horaspa.com.br\/wp-content\/uploads\/2023\/10\/WhatsApp-Image-2023-10-03-at-17.38.48-480x360.jpeg 480w, https:\/\/24horaspa.com.br\/wp-content\/uploads\/2023\/10\/WhatsApp-Image-2023-10-03-at-17.38.48.jpeg 1600w\" sizes=\"(max-width: 1024px) 100vw, 1024px\" \/><figcaption class=\"wp-element-caption\">Armando Rodrigues, Eduardo Imbiriba e Afonso Lobato<\/figcaption><\/figure>\n\n\n\n<p><strong>Conclus\u00e3o<\/strong><\/p>\n\n\n\n<p>Armando Ferreira Rodrigues Filho \u00e9 um exemplo inspirador de dedica\u00e7\u00e3o \u00e0 advocacia, \u00e0 justi\u00e7a e \u00e0 democracia. Sua trajet\u00f3ria e realiza\u00e7\u00f5es s\u00e3o uma prova de que os princ\u00edpios fundamentais podem guiar uma carreira jur\u00eddica brilhante. Estamos ansiosos para acompanhar sua jornada e torcendo para que ele alcance seu objetivo de nomea\u00e7\u00e3o como Desembargador Federal do Trabalho, continuando a moldar o futuro da Justi\u00e7a do Trabalho no Brasil.<\/p>\n","protected":false},"excerpt":{"rendered":"<p>No cen\u00e1rio da advocacia brasileira, destacar profissionais que dedicam suas vidas \u00e0 defesa das prerrogativas da advocacia e \u00e0 justi\u00e7a igualit\u00e1ria \u00e9 fundamental. Uma dessas hist\u00f3rias inspiradoras \u00e9 a de Armando Ferreira Rodrigues Filho, cuja trajet\u00f3ria de 35 anos na advocacia p\u00fablica e privada \u00e9 marcada por sua dedica\u00e7\u00e3o incans\u00e1vel a esses princ\u00edpios e agora mira a integra\u00e7\u00e3o da lista s\u00eaxtupla do CFOAB. Origens e Paix\u00e3o pela Advocacia Nascido em Campo-Maior, Piau\u00ed, Armando encontrou sua segunda casa em Bel\u00e9m do Par\u00e1 aos dois anos de idade. Essa fus\u00e3o de ra\u00edzes nordestinas com a cultura acolhedora do Norte do Brasil moldou<\/p>\n","protected":false},"author":2,"featured_media":3746,"comment_status":"open","ping_status":"open","sticky":false,"template":"","format":"standard","meta":{"om_disable_all_campaigns":false,"_mi_skip_tracking":false},"categories":[4],"tags":[],"aioseo_notices":[],"_links":{"self":[{"href":"https:\/\/24horaspa.com.br\/index.php?rest_route=\/wp\/v2\/posts\/3744"}],"collection":[{"href":"https:\/\/24horaspa.com.br\/index.php?rest_route=\/wp\/v2\/posts"}],"about":[{"href":"https:\/\/24horaspa.com.br\/index.php?rest_route=\/wp\/v2\/types\/post"}],"author":[{"embeddable":true,"href":"https:\/\/24horaspa.com.br\/index.php?rest_route=\/wp\/v2\/users\/2"}],"replies":[{"embeddable":true,"href":"https:\/\/24horaspa.com.br\/index.php?rest_route=%2Fwp%2Fv2%2Fcomments&post=3744"}],"version-history":[{"count":7,"href":"https:\/\/24horaspa.com.br\/index.php?rest_route=\/wp\/v2\/posts\/3744\/revisions"}],"predecessor-version":[{"id":3760,"href":"https:\/\/24horaspa.com.br\/index.php?rest_route=\/wp\/v2\/posts\/3744\/revisions\/3760"}],"wp:featuredmedia":[{"embeddable":true,"href":"https:\/\/24horaspa.com.br\/index.php?rest_route=\/wp\/v2\/media\/3746"}],"wp:attachment":[{"href":"https:\/\/24horaspa.com.br\/index.php?rest_route=%2Fwp%2Fv2%2Fmedia&parent=3744"}],"wp:term":[{"taxonomy":"category","embeddable":true,"href":"https:\/\/24horaspa.com.br\/index.php?rest_route=%2Fwp%2Fv2%2Fcategories&post=3744"},{"taxonomy":"post_tag","embeddable":true,"href":"https:\/\/24horaspa.com.br\/index.php?rest_route=%2Fwp%2Fv2%2Ftags&post=3744"}],"curies":[{"name":"wp","href":"https:\/\/api.w.org\/{rel}","templated":true}]}}