{"id":3719,"date":"2023-09-24T18:03:19","date_gmt":"2023-09-24T18:03:19","guid":{"rendered":"https:\/\/24horaspa.com.br\/?p=3719"},"modified":"2023-09-24T21:23:19","modified_gmt":"2023-09-24T21:23:19","slug":"imagem-peregrina-de-nossa-senhora-de-nazare-visita-condominio-jardim-espanha","status":"publish","type":"post","link":"https:\/\/24horaspa.com.br\/?p=3719","title":{"rendered":"Imagem Peregrina da Guarda de Nossa Senhora de Nazar\u00e9 Visita Condom\u00ednio Jardim Espanha"},"content":{"rendered":"\n<p><strong>&nbsp;F\u00e9 e Emo\u00e7\u00e3o em Uma Tarde Memor\u00e1vel<\/strong><\/p>\n\n\n\n<p>No \u00faltimo dia 23, moradores, familiares e colaboradores do Condom\u00ednio Jardim Espanha viveram um momento de intensa emo\u00e7\u00e3o e f\u00e9 com a visita da Imagem Peregrina da Guarda de Nossa Senhora de Nazar\u00e9. A presen\u00e7a da santa trouxe uma atmosfera de espiritualidade e uni\u00e3o \u00e0 comunidade, marcando um evento especial que ficar\u00e1 na mem\u00f3ria de todos os presentes.<\/p>\n\n\n\n<p><strong>A Recep\u00e7\u00e3o com Entusiasmo e F\u00e9<\/strong><\/p>\n\n\n\n<p>Nossa Senhora de Nazar\u00e9 foi recebida com entusiasmo e devo\u00e7\u00e3o pelos moradores, que se reuniram para acompanh\u00e1-la em uma comovente caminhada pela via principal do condom\u00ednio. O sentimento de f\u00e9 era palp\u00e1vel, e os olhares dos participantes refletiam a profunda conex\u00e3o espiritual que estavam vivenciando.<\/p>\n\n\n\n<figure class=\"wp-block-image size-full\"><img decoding=\"async\" loading=\"lazy\" width=\"768\" height=\"1024\" src=\"http:\/\/24horaspa.com.br\/wp-content\/uploads\/2023\/09\/Santa03-1.jpeg\" alt=\"\" class=\"wp-image-3723\" srcset=\"https:\/\/24horaspa.com.br\/wp-content\/uploads\/2023\/09\/Santa03-1.jpeg 768w, https:\/\/24horaspa.com.br\/wp-content\/uploads\/2023\/09\/Santa03-1-225x300.jpeg 225w, https:\/\/24horaspa.com.br\/wp-content\/uploads\/2023\/09\/Santa03-1-480x640.jpeg 480w\" sizes=\"(max-width: 768px) 100vw, 768px\" \/><\/figure>\n\n\n\n<p>Durante o percurso, a Imagem Peregrina da Guarda de Nossa Senhora de Nazar\u00e9 recebeu uma linda homenagem da turma da Velha Guarda PC, levando \u00e0s l\u00e1grimas aqueles que estavam presentes. A devo\u00e7\u00e3o e o carinho demonstrados nesse gesto emocionaram a todos.<\/p>\n\n\n\n<figure class=\"wp-block-image size-full\"><img decoding=\"async\" loading=\"lazy\" width=\"474\" height=\"830\" src=\"https:\/\/24horaspa.com.br\/wp-content\/uploads\/2023\/09\/Vpc.png\" alt=\"\" class=\"wp-image-3731\" srcset=\"https:\/\/24horaspa.com.br\/wp-content\/uploads\/2023\/09\/Vpc.png 474w, https:\/\/24horaspa.com.br\/wp-content\/uploads\/2023\/09\/Vpc-171x300.png 171w\" sizes=\"(max-width: 474px) 100vw, 474px\" \/><\/figure>\n\n\n\n<p><strong>A Celebra\u00e7\u00e3o da F\u00e9: Uma Missa Emocionante<\/strong><\/p>\n\n\n\n<p>O ponto alto do evento foi a celebra\u00e7\u00e3o de uma emocionante missa pelo Di\u00e1cono Mauro Melo. Sua mensagem de f\u00e9 e esperan\u00e7a trouxe ainda mais brilho ao encontro espiritual. Os participantes puderam se unir em ora\u00e7\u00e3o, fortalecendo os la\u00e7os com sua f\u00e9 e comunidade.<\/p>\n\n\n\n<figure class=\"wp-block-image size-large\"><img decoding=\"async\" loading=\"lazy\" width=\"760\" height=\"1024\" src=\"https:\/\/24horaspa.com.br\/wp-content\/uploads\/2023\/09\/missa045-760x1024.jpeg\" alt=\"\" class=\"wp-image-3736\" srcset=\"https:\/\/24horaspa.com.br\/wp-content\/uploads\/2023\/09\/missa045-760x1024.jpeg 760w, https:\/\/24horaspa.com.br\/wp-content\/uploads\/2023\/09\/missa045-223x300.jpeg 223w, https:\/\/24horaspa.com.br\/wp-content\/uploads\/2023\/09\/missa045-768x1034.jpeg 768w, https:\/\/24horaspa.com.br\/wp-content\/uploads\/2023\/09\/missa045-480x646.jpeg 480w, https:\/\/24horaspa.com.br\/wp-content\/uploads\/2023\/09\/missa045.jpeg 1125w\" sizes=\"(max-width: 760px) 100vw, 760px\" \/><\/figure>\n\n\n\n<p><strong>A Arte e a M\u00fasica como Express\u00e3o da Devo\u00e7\u00e3o<\/strong><\/p>\n\n\n\n<p>Al\u00e9m da celebra\u00e7\u00e3o religiosa, o evento tamb\u00e9m contou com a apresenta\u00e7\u00e3o do m\u00fasico Neno Amador e sua banda. A m\u00fasica se mostrou uma forma poderosa de expressar a devo\u00e7\u00e3o e o amor a Nossa Senhora de Nazar\u00e9, envolvendo todos os presentes em uma atmosfera espiritual \u00fanica.<\/p>\n\n\n\n<p><strong>Uma Administra\u00e7\u00e3o Exemplar: O Novo Modelo de Gest\u00e3o<\/strong><\/p>\n\n\n\n<p>Um dos aspectos mais marcantes do evento foi o reflexo das mudan\u00e7as implementadas na gest\u00e3o atual do Condom\u00ednio Jardim Espanha, sob a lideran\u00e7a do S\u00edndico Dr. Alan Barros. Esta administra\u00e7\u00e3o n\u00e3o apenas demonstrou compet\u00eancia, mas tamb\u00e9m moldou um ambiente mais participativo e agrad\u00e1vel para os moradores. A organiza\u00e7\u00e3o da festa contou com a colabora\u00e7\u00e3o de Carol Santos, Fabio Gomes, Renata Belo e Michelle Varela, demonstrando a uni\u00e3o e dedica\u00e7\u00e3o da equipe em tornar esse evento memor\u00e1vel.<\/p>\n\n\n\n<p><strong>A Comunidade em Uni\u00e3o: Contribui\u00e7\u00e3o dos Moradores<\/strong><\/p>\n\n\n\n<p>Al\u00e9m dos esfor\u00e7os da administra\u00e7\u00e3o, a comunidade do Condom\u00ednio Jardim Espanha tamb\u00e9m desempenhou um papel fundamental no brilhantismo do evento. A participa\u00e7\u00e3o ativa dos moradores mostrou que a devo\u00e7\u00e3o a Nossa Senhora de Nazar\u00e9 \u00e9 um elo que une a todos, fortalecendo os la\u00e7os de amizade e f\u00e9 na comunidade.<\/p>\n\n\n\n<p>A visita da Imagem Peregrina da Guarda de Nossa Senhora de Nazar\u00e9 ao Condom\u00ednio Jardim Espanha foi muito mais do que um evento religioso; foi uma celebra\u00e7\u00e3o da f\u00e9, da uni\u00e3o da comunidade e do compromisso com uma gest\u00e3o exemplar. Aqueles que participaram desse dia inesquec\u00edvel certamente guardar\u00e3o as lembran\u00e7as desse momento de intensa emo\u00e7\u00e3o e espiritualidade.<\/p>\n","protected":false},"excerpt":{"rendered":"<p>No \u00faltimo dia 23, moradores, familiares e colaboradores do Condom\u00ednio Jardim Espanha viveram um momento de intensa emo\u00e7\u00e3o e f\u00e9 com a visita da Imagem Peregrina de Nossa Senhora de Nazar\u00e9. A presen\u00e7a da santa trouxe uma atmosfera de espiritualidade e uni\u00e3o \u00e0 comunidade, marcando um evento especial que ficar\u00e1 na mem\u00f3ria de todos os presentes.<\/p>\n","protected":false},"author":2,"featured_media":3722,"comment_status":"closed","ping_status":"closed","sticky":false,"template":"","format":"standard","meta":{"om_disable_all_campaigns":false,"_mi_skip_tracking":false},"categories":[4],"tags":[],"aioseo_notices":[],"_links":{"self":[{"href":"https:\/\/24horaspa.com.br\/index.php?rest_route=\/wp\/v2\/posts\/3719"}],"collection":[{"href":"https:\/\/24horaspa.com.br\/index.php?rest_route=\/wp\/v2\/posts"}],"about":[{"href":"https:\/\/24horaspa.com.br\/index.php?rest_route=\/wp\/v2\/types\/post"}],"author":[{"embeddable":true,"href":"https:\/\/24horaspa.com.br\/index.php?rest_route=\/wp\/v2\/users\/2"}],"replies":[{"embeddable":true,"href":"https:\/\/24horaspa.com.br\/index.php?rest_route=%2Fwp%2Fv2%2Fcomments&post=3719"}],"version-history":[{"count":7,"href":"https:\/\/24horaspa.com.br\/index.php?rest_route=\/wp\/v2\/posts\/3719\/revisions"}],"predecessor-version":[{"id":3742,"href":"https:\/\/24horaspa.com.br\/index.php?rest_route=\/wp\/v2\/posts\/3719\/revisions\/3742"}],"wp:featuredmedia":[{"embeddable":true,"href":"https:\/\/24horaspa.com.br\/index.php?rest_route=\/wp\/v2\/media\/3722"}],"wp:attachment":[{"href":"https:\/\/24horaspa.com.br\/index.php?rest_route=%2Fwp%2Fv2%2Fmedia&parent=3719"}],"wp:term":[{"taxonomy":"category","embeddable":true,"href":"https:\/\/24horaspa.com.br\/index.php?rest_route=%2Fwp%2Fv2%2Fcategories&post=3719"},{"taxonomy":"post_tag","embeddable":true,"href":"https:\/\/24horaspa.com.br\/index.php?rest_route=%2Fwp%2Fv2%2Ftags&post=3719"}],"curies":[{"name":"wp","href":"https:\/\/api.w.org\/{rel}","templated":true}]}}