{"id":1437,"date":"2017-02-28T00:00:00","date_gmt":"2017-02-28T00:00:00","guid":{"rendered":"https:\/\/thefox.withemes.com\/times\/tonight-what-heights-well-hit-on-with-the-show-this-is-it\/"},"modified":"2022-12-21T04:18:05","modified_gmt":"2022-12-21T04:18:05","slug":"tonight-what-heights-well-hit-on-with-the-show-this-is-it","status":"publish","type":"post","link":"https:\/\/24horaspa.com.br\/?p=1437","title":{"rendered":"&#8216;TerPaz Destaque 2022&#8217; reconhece empenho de gestores nas pol\u00edticas de inclus\u00e3o social"},"content":{"rendered":"\n<p>Mais de 100 secret\u00e1rios e gestores estaduais participaram da primeira edi\u00e7\u00e3o do Pr\u00eamio TerPaz Destaque 2022, realizado na noite desta ter\u00e7a-feira (20), no teatro da Usina da Paz Cabanagem, em Bel\u00e9m, pelo N\u00facleo de Rela\u00e7\u00f5es Institucionais da Secretaria Estrat\u00e9gica de Articula\u00e7\u00e3o da Cidadania (Seac). A programa\u00e7\u00e3o contou com a apresenta\u00e7\u00e3o da banda de m\u00fasica do Corpo de Bombeiros Militar e do Coral dos servidores da UsiPaz Cabanagem.<\/p>\n\n\n\n<p>\u201cEsses gestores da C\u00e2mara T\u00e9cnica Intersetorial t\u00eam sido os autores da elabora\u00e7\u00e3o do planejamento estrat\u00e9gico das a\u00e7\u00f5es e servi\u00e7os das suas organiza\u00e7\u00f5es, al\u00e9m de coordenar, monitorar, avaliar e realinhar os servi\u00e7os das suas respectivas secretarias e funda\u00e7\u00f5es durante os quatro anos do Programa TerPaz. Esse trabalho teve um grande desafio no per\u00edodo em que se agravou a Covid-19. Os servi\u00e7os foram reajustados e muitos continuaram a ser ofertados \u00e0 popula\u00e7\u00e3o, al\u00e9m da chegada das Usinas da Paz. Por isso, decidimos organizar um evento e formalizar o reconhecimento a esses servidores das secretarias e funda\u00e7\u00f5es que desempenharam essas a\u00e7\u00f5es\/atividades com excel\u00eancia e demonstraram o compromisso com a Pol\u00edtica P\u00fablica de inclus\u00e3o social do governo\u201d, informou o secret\u00e1rio de Articula\u00e7\u00e3o da Cidadania em exerc\u00edcio, Julio Alejandro Quezada.<\/p>\n\n\n\n<p>O evento tamb\u00e9m contou com a presen\u00e7a da vice-governadora eleita do Par\u00e1, Hana Ghassan, que destacou a import\u00e2ncia do trabalho executado pela C\u00e2mara T\u00e9cnica Intersetorial do TerPaz ao longo dos \u00faltimos anos. \u201cA Usina da Paz \u00e9 um dos projetos com maior sucesso nesta gest\u00e3o, e isso foi conseguido gra\u00e7as ao esfor\u00e7o e dedica\u00e7\u00e3o de cada um de voc\u00eas. Eu sei o quanto \u00e9 dif\u00edcil administrar e garantir todos esses servi\u00e7os ofertados \u00e0 popula\u00e7\u00e3o. Esse sucesso foi conquistado por cada um de voc\u00eas\u201d, frisou Hana Ghassan.<\/p>\n\n\n\n<p><strong>Miss\u00f5es<\/strong>\u00a0&#8211; A vice-governadora eleita ressaltou ainda os novos desafios na execu\u00e7\u00e3o do TerPaz. \u201cAgora n\u00f3s temos duas grandes miss\u00f5es, que \u00e9 expandir o Programa TerPaz, por meio das Usinas da Paz, para os 40 maiores munic\u00edpios do Estado. Isso j\u00e1 \u00e9 um compromisso do governo do Estado, e n\u00f3s j\u00e1 estamos trabalhando para que isso seja realizado. E a outra \u00e9 para que voc\u00eas nunca percam essa energia e vitalidade em continuar a presta\u00e7\u00e3o desse servi\u00e7o fant\u00e1stico\u201d, reiterou.<\/p>\n\n\n\n<p>Entre os \u00f3rg\u00e3os homenageados est\u00e3o as secretarias de Estado de Esporte e Lazer (Seel), de Sa\u00fade P\u00fablica (Sespa), de Educa\u00e7\u00e3o (Seduc), de Cultura (Secult) e de Comunica\u00e7\u00e3o (Secom), de Ci\u00eancia, Tecnologia e Educa\u00e7\u00e3o Superior, Profissional e Tecnol\u00f3gica (Sectet), de Meio Ambiente e Sustentabilidade (Semas), de Seguran\u00e7a e Defesa Social (Segup), de Planejamento e Administra\u00e7\u00e3o (Seplad), de Desenvolvimento Econ\u00f4mico, Minera\u00e7\u00e3o e Energia (Sedeme) e de Assist\u00eancia Social, Trabalho, Emprego e Renda (Seaster); Funda\u00e7\u00e3o Cultural do Par\u00e1 (FCP); Pol\u00edcia Civil (PCPA); Funda\u00e7\u00e3o Paraense de Radiodifus\u00e3o (Funtelpa); Empresa de Tecnologia da Informa\u00e7\u00e3o e Comunica\u00e7\u00e3o do Par\u00e1 (Prodepa); Corpo de Bombeiro Militar (CBM); Funda\u00e7\u00e3o Amaz\u00f4nia de Amparo a Estudos e Pesquisas (Fapespa); Funda\u00e7\u00e3o ParaP\u00e1z; Secretaria Estrat\u00e9gica de Articula\u00e7\u00e3o da Cidadania (Seac); Pol\u00edcia Militar (PM) e Banco do Estado do Par\u00e1 (Banpar\u00e1).<\/p>\n\n\n\n<p><strong>C\u00e2mara T\u00e9cnica<\/strong>\u00a0&#8211; O Programa Territ\u00f3rios pela Paz (TerPaz) foi criado em 2019 como uma macro pol\u00edtica p\u00fablica do Governo do Par\u00e1, que consiste na articula\u00e7\u00e3o planejada e sistematizada de pol\u00edticas de inclus\u00e3o social e de seguran\u00e7a p\u00fablica, com a\u00e7\u00f5es de sa\u00fade, esporte e lazer; educa\u00e7\u00e3o, arte e cultura; capacita\u00e7\u00e3o t\u00e9cnica e profissional, cr\u00e9dito respons\u00e1vel e empreendedorismo; assist\u00eancia social, emprego e renda; tecnologia e inclus\u00e3o digital; meio ambiente e sustentabilidade; urbaniza\u00e7\u00e3o, habita\u00e7\u00e3o e regulariza\u00e7\u00e3o fundi\u00e1ria; media\u00e7\u00e3o de conflitos, preven\u00e7\u00e3o \u00e0 viol\u00eancia e cultura de paz. As a\u00e7\u00f5es s\u00e3o organizadas metodologicamente sob intersetorialidade, transversalidade e territorialidade.<\/p>\n\n\n\n<p><\/p>\n\n\n\n<p>A intersetorialidade consiste na articula\u00e7\u00e3o de secretarias, funda\u00e7\u00f5es e \u00f3rg\u00e3os da administra\u00e7\u00e3o direta e indireta do Governo do Par\u00e1 que participam do TerPaz e formam a C\u00e2mara T\u00e9cnica Intersetorial (CTI). Nessa inst\u00e2ncia, operacionaliza a execu\u00e7\u00e3o, o monitoramento e a avalia\u00e7\u00e3o do conjunto de pol\u00edticas p\u00fablicas formatadas no planejamento estrat\u00e9gico do Terpaz.<\/p>\n","protected":false},"excerpt":{"rendered":"<p>A noite foi de homenagens aos servidores das secretarias e demais \u00f3rg\u00e3os que integram a C\u00e2mara T\u00e9cnica Intersetorial do TerPaz<\/p>\n","protected":false},"author":2,"featured_media":3684,"comment_status":"closed","ping_status":"open","sticky":false,"template":"","format":"standard","meta":{"om_disable_all_campaigns":false,"_mi_skip_tracking":false},"categories":[4],"tags":[20,22,24,26],"aioseo_notices":[],"_links":{"self":[{"href":"https:\/\/24horaspa.com.br\/index.php?rest_route=\/wp\/v2\/posts\/1437"}],"collection":[{"href":"https:\/\/24horaspa.com.br\/index.php?rest_route=\/wp\/v2\/posts"}],"about":[{"href":"https:\/\/24horaspa.com.br\/index.php?rest_route=\/wp\/v2\/types\/post"}],"author":[{"embeddable":true,"href":"https:\/\/24horaspa.com.br\/index.php?rest_route=\/wp\/v2\/users\/2"}],"replies":[{"embeddable":true,"href":"https:\/\/24horaspa.com.br\/index.php?rest_route=%2Fwp%2Fv2%2Fcomments&post=1437"}],"version-history":[{"count":3,"href":"https:\/\/24horaspa.com.br\/index.php?rest_route=\/wp\/v2\/posts\/1437\/revisions"}],"predecessor-version":[{"id":3685,"href":"https:\/\/24horaspa.com.br\/index.php?rest_route=\/wp\/v2\/posts\/1437\/revisions\/3685"}],"wp:featuredmedia":[{"embeddable":true,"href":"https:\/\/24horaspa.com.br\/index.php?rest_route=\/wp\/v2\/media\/3684"}],"wp:attachment":[{"href":"https:\/\/24horaspa.com.br\/index.php?rest_route=%2Fwp%2Fv2%2Fmedia&parent=1437"}],"wp:term":[{"taxonomy":"category","embeddable":true,"href":"https:\/\/24horaspa.com.br\/index.php?rest_route=%2Fwp%2Fv2%2Fcategories&post=1437"},{"taxonomy":"post_tag","embeddable":true,"href":"https:\/\/24horaspa.com.br\/index.php?rest_route=%2Fwp%2Fv2%2Ftags&post=1437"}],"curies":[{"name":"wp","href":"https:\/\/api.w.org\/{rel}","templated":true}]}}