{"id":1430,"date":"2017-06-23T00:00:00","date_gmt":"2017-06-23T00:00:00","guid":{"rendered":"https:\/\/thefox.withemes.com\/times\/overture-curtains-lights\/"},"modified":"2022-12-21T04:42:13","modified_gmt":"2022-12-21T04:42:13","slug":"overture-curtains-lights","status":"publish","type":"post","link":"https:\/\/24horaspa.com.br\/?p=1430","title":{"rendered":"Inc\u00eandio no lix\u00e3o do Aur\u00e1, fuma\u00e7a j\u00e1 causa problemas em comunidade."},"content":{"rendered":"\n<p>O combate ao&nbsp;<a href=\"https:\/\/g1.globo.com\/pa\/para\/noticia\/2022\/12\/17\/fumaca-em-belem-orgaos-dizem-quais-podem-ter-sido-as-causas-do-fenomeno-neste-sabado-17.ghtml\">inc\u00eandio de grandes propor\u00e7\u00f5es no antigo lix\u00e3o no Aur\u00e1<\/a>, na divisa entre Ananindeua e Bel\u00e9m, chega ao 4\u00ba dia nesta segunda-feira (19).<\/p>\n\n\n\n<p>O lix\u00e3o foi desativado em 2015, mas ainda h\u00e1 pessoas que atuam recolhendo res\u00edduos descartados no local para sobreviver.<\/p>\n","protected":false},"excerpt":{"rendered":"<p>H\u00e1 relatos de moradores sofrendo com problemas respirat\u00f3rios por causa da fuma\u00e7a que voltou a encobrir Bel\u00e9m nesta segunda-feira, 19. ONG mobiliza entrega de m\u00e1scaras.<\/p>\n","protected":false},"author":2,"featured_media":3695,"comment_status":"closed","ping_status":"closed","sticky":false,"template":"","format":"standard","meta":{"om_disable_all_campaigns":false,"_mi_skip_tracking":false},"categories":[6],"tags":[18,30,46],"aioseo_notices":[],"_links":{"self":[{"href":"https:\/\/24horaspa.com.br\/index.php?rest_route=\/wp\/v2\/posts\/1430"}],"collection":[{"href":"https:\/\/24horaspa.com.br\/index.php?rest_route=\/wp\/v2\/posts"}],"about":[{"href":"https:\/\/24horaspa.com.br\/index.php?rest_route=\/wp\/v2\/types\/post"}],"author":[{"embeddable":true,"href":"https:\/\/24horaspa.com.br\/index.php?rest_route=\/wp\/v2\/users\/2"}],"replies":[{"embeddable":true,"href":"https:\/\/24horaspa.com.br\/index.php?rest_route=%2Fwp%2Fv2%2Fcomments&post=1430"}],"version-history":[{"count":4,"href":"https:\/\/24horaspa.com.br\/index.php?rest_route=\/wp\/v2\/posts\/1430\/revisions"}],"predecessor-version":[{"id":3682,"href":"https:\/\/24horaspa.com.br\/index.php?rest_route=\/wp\/v2\/posts\/1430\/revisions\/3682"}],"wp:featuredmedia":[{"embeddable":true,"href":"https:\/\/24horaspa.com.br\/index.php?rest_route=\/wp\/v2\/media\/3695"}],"wp:attachment":[{"href":"https:\/\/24horaspa.com.br\/index.php?rest_route=%2Fwp%2Fv2%2Fmedia&parent=1430"}],"wp:term":[{"taxonomy":"category","embeddable":true,"href":"https:\/\/24horaspa.com.br\/index.php?rest_route=%2Fwp%2Fv2%2Fcategories&post=1430"},{"taxonomy":"post_tag","embeddable":true,"href":"https:\/\/24horaspa.com.br\/index.php?rest_route=%2Fwp%2Fv2%2Ftags&post=1430"}],"curies":[{"name":"wp","href":"https:\/\/api.w.org\/{rel}","templated":true}]}}