{"id":1425,"date":"2016-03-04T00:00:00","date_gmt":"2016-03-04T00:00:00","guid":{"rendered":"https:\/\/thefox.withemes.com\/times\/ive-got-a-nasty-reputation\/"},"modified":"2022-11-16T19:56:40","modified_gmt":"2022-11-16T19:56:40","slug":"ive-got-a-nasty-reputation","status":"publish","type":"post","link":"https:\/\/24horaspa.com.br\/?p=1425","title":{"rendered":"\u00c1rvore cai em cima de carro e causa preju\u00edzos em Bel\u00e9m"},"content":{"rendered":"\n<p class=\"has-drop-cap\">om as fortes chuvas que t\u00eam ca\u00eddo em Bel\u00e9m e em toda a Regi\u00e3o Metropolitana, a popula\u00e7\u00e3o enfrenta v\u00e1rios transtornos. As \u00e1guas v\u00eam acompanhadas de ventanias, fen\u00f4menos naturais que tamb\u00e9m deixam rastros por onde passam.<\/p>\n\n\n\n<p>Na tarde desta quinta-feira (10), uma \u00e1rvore caiu na Av. R\u00f4mulo Maiorana, entre as travessas Lomas Valentinas e Perebebu\u00ed, no bairro do Marco, em Bel\u00e9m e causou preju\u00edzos materiais para o dono de um ve\u00edculo.<\/p>\n\n\n\n<p>O idoso ressaltou que a \u00e1rea \u00e9 muito movimentada e tamb\u00e9m muito utilizada para estacionar ve\u00edculos. \u201cPor sorte n\u00e3o estava passando nenhum carro no momento em que a \u00e1rvore caiu\u201d, finalizou.&nbsp;<\/p>\n\n\n\n<p>De acordo com o aposentado, a \u00e1rvore seria um Ip\u00ea.&nbsp;<\/p>\n\n\n\n<p>Uma equipe do Corpo de Bombeiros foi acionada e j\u00e1 est\u00e1 no local para fazer a remo\u00e7\u00e3o do vegetal.&nbsp;<\/p>\n","protected":false},"excerpt":{"rendered":"<p>O vegetal, localizado na Av. R\u00f4mulo Maiorana, entre as travessas Lomas Valentinas e Perebebu\u00ed, no bairro do Marco, em Bel\u00e9m, caiu ap\u00f3s a chuva, na tarde desta quinta-feira (10)<\/p>\n","protected":false},"author":2,"featured_media":3605,"comment_status":"closed","ping_status":"open","sticky":false,"template":"","format":"standard","meta":{"om_disable_all_campaigns":false,"_mi_skip_tracking":false},"categories":[8],"tags":[26,35,39,43],"aioseo_notices":[],"_links":{"self":[{"href":"https:\/\/24horaspa.com.br\/index.php?rest_route=\/wp\/v2\/posts\/1425"}],"collection":[{"href":"https:\/\/24horaspa.com.br\/index.php?rest_route=\/wp\/v2\/posts"}],"about":[{"href":"https:\/\/24horaspa.com.br\/index.php?rest_route=\/wp\/v2\/types\/post"}],"author":[{"embeddable":true,"href":"https:\/\/24horaspa.com.br\/index.php?rest_route=\/wp\/v2\/users\/2"}],"replies":[{"embeddable":true,"href":"https:\/\/24horaspa.com.br\/index.php?rest_route=%2Fwp%2Fv2%2Fcomments&post=1425"}],"version-history":[{"count":2,"href":"https:\/\/24horaspa.com.br\/index.php?rest_route=\/wp\/v2\/posts\/1425\/revisions"}],"predecessor-version":[{"id":3606,"href":"https:\/\/24horaspa.com.br\/index.php?rest_route=\/wp\/v2\/posts\/1425\/revisions\/3606"}],"wp:featuredmedia":[{"embeddable":true,"href":"https:\/\/24horaspa.com.br\/index.php?rest_route=\/wp\/v2\/media\/3605"}],"wp:attachment":[{"href":"https:\/\/24horaspa.com.br\/index.php?rest_route=%2Fwp%2Fv2%2Fmedia&parent=1425"}],"wp:term":[{"taxonomy":"category","embeddable":true,"href":"https:\/\/24horaspa.com.br\/index.php?rest_route=%2Fwp%2Fv2%2Fcategories&post=1425"},{"taxonomy":"post_tag","embeddable":true,"href":"https:\/\/24horaspa.com.br\/index.php?rest_route=%2Fwp%2Fv2%2Ftags&post=1425"}],"curies":[{"name":"wp","href":"https:\/\/api.w.org\/{rel}","templated":true}]}}