{"id":1419,"date":"2015-12-03T00:00:00","date_gmt":"2015-12-03T00:00:00","guid":{"rendered":"https:\/\/thefox.withemes.com\/times\/new-york-this-is-your-last-chance\/"},"modified":"2022-11-16T19:56:40","modified_gmt":"2022-11-16T19:56:40","slug":"new-york-this-is-your-last-chance","status":"publish","type":"post","link":"https:\/\/24horaspa.com.br\/?p=1419","title":{"rendered":"M\u00e3e de volante que recusou Sele\u00e7\u00e3o se emociona ap\u00f3s convoca\u00e7\u00e3o por Portugal"},"content":{"rendered":"\n<p>A&nbsp;<a href=\"https:\/\/ge.globo.com\/futebol\/copa-do-mundo\/noticia\/2022\/11\/10\/convocados-de-portugal-para-a-copa-do-mundo-2022-veja-a-lista.ghtml\"><strong>sele\u00e7\u00e3o de Portugal vai para a Copa do Mundo com tr\u00eas jogadores nascidos no Brasil em seu elenco<\/strong><\/a>. Entre eles, est\u00e1 o Matheus Nunes, meio-campista do Wolverhampton de 24 anos, que h\u00e1 pouco mais de um ano foi chamado por Tite para defender o Brasil.&nbsp;<a href=\"https:\/\/ge.globo.com\/futebol\/selecao-brasileira\/noticia\/convocado-por-tite-matheus-nunes-diz-que-escolheu-jogar-por-portugal-vou-ser-mais-feliz.ghtml\"><strong>Mas recusou o chamado<\/strong><\/a>. E, nesta quinta-feira, sua m\u00e3e, C\u00e1tia Nunes, se emocionou com a presen\u00e7a do filho na lista de Fernando Santos e reiterou a felicidade pela decis\u00e3o por defender o time luso.<\/p>\n\n\n\n<p>\u2013 Acho que \u00e9 justo que ele represente esse pa\u00eds. Foi aqui que ele se tornou o Matheus Nunes. Sejamos justos, n\u00e9? Era justo que ele representasse a sele\u00e7\u00e3o nacional \u2013 declarou C\u00e1tia, emocionada, \u00e0&nbsp;<em>CNN Portugal.<\/em><\/p>\n","protected":false},"excerpt":{"rendered":"<p>C\u00e1tia Nunes comenta sobre decis\u00e3o do filho de defender sele\u00e7\u00e3o portuguesa: &#8220;Foi aqui que ele se tornou o Matheus Nunes. Sejamos justos, n\u00e9?&#8221;<\/p>\n","protected":false},"author":2,"featured_media":3591,"comment_status":"closed","ping_status":"open","sticky":false,"template":"","format":"standard","meta":{"om_disable_all_campaigns":false,"_mi_skip_tracking":false},"categories":[7],"tags":[20,39,46],"aioseo_notices":[],"_links":{"self":[{"href":"https:\/\/24horaspa.com.br\/index.php?rest_route=\/wp\/v2\/posts\/1419"}],"collection":[{"href":"https:\/\/24horaspa.com.br\/index.php?rest_route=\/wp\/v2\/posts"}],"about":[{"href":"https:\/\/24horaspa.com.br\/index.php?rest_route=\/wp\/v2\/types\/post"}],"author":[{"embeddable":true,"href":"https:\/\/24horaspa.com.br\/index.php?rest_route=\/wp\/v2\/users\/2"}],"replies":[{"embeddable":true,"href":"https:\/\/24horaspa.com.br\/index.php?rest_route=%2Fwp%2Fv2%2Fcomments&post=1419"}],"version-history":[{"count":2,"href":"https:\/\/24horaspa.com.br\/index.php?rest_route=\/wp\/v2\/posts\/1419\/revisions"}],"predecessor-version":[{"id":3593,"href":"https:\/\/24horaspa.com.br\/index.php?rest_route=\/wp\/v2\/posts\/1419\/revisions\/3593"}],"wp:featuredmedia":[{"embeddable":true,"href":"https:\/\/24horaspa.com.br\/index.php?rest_route=\/wp\/v2\/media\/3591"}],"wp:attachment":[{"href":"https:\/\/24horaspa.com.br\/index.php?rest_route=%2Fwp%2Fv2%2Fmedia&parent=1419"}],"wp:term":[{"taxonomy":"category","embeddable":true,"href":"https:\/\/24horaspa.com.br\/index.php?rest_route=%2Fwp%2Fv2%2Fcategories&post=1419"},{"taxonomy":"post_tag","embeddable":true,"href":"https:\/\/24horaspa.com.br\/index.php?rest_route=%2Fwp%2Fv2%2Ftags&post=1419"}],"curies":[{"name":"wp","href":"https:\/\/api.w.org\/{rel}","templated":true}]}}