{"id":1413,"date":"2016-11-26T00:00:00","date_gmt":"2016-11-26T00:00:00","guid":{"rendered":"https:\/\/thefox.withemes.com\/times\/i-went-to-art-school\/"},"modified":"2022-11-16T19:56:39","modified_gmt":"2022-11-16T19:56:39","slug":"i-went-to-art-school","status":"publish","type":"post","link":"https:\/\/24horaspa.com.br\/?p=1413","title":{"rendered":"Secretaria de Sa\u00fade P\u00fablica conquista 4\u00ba lugar no &#8216;III Pr\u00eamio Inova Servidor"},"content":{"rendered":"\n<p>O projeto \u201cEnergia na Sa\u00fade: Consci\u00eancia para sustentabilidade e efici\u00eancia no setor p\u00fablico\u201d elaborado, pela equipe da Divis\u00e3o de Servi\u00e7os Gerais Secretaria de Estado de Sa\u00fade P\u00fablica (Sespa), conquistou o 4\u00ba lugar no &#8220;III Pr\u00eamio Inova Servidor\u201d, realizado na noite desta quarta-feira (9), no Teatro Esta\u00e7\u00e3o Gas\u00f4metro, no Parque da Resid\u00eancia, em Bel\u00e9m. A terceira edi\u00e7\u00e3o do evento, da Escola de Governan\u00e7a P\u00fablica do Estado do Par\u00e1 (EGPA), teve o tema \u201cConsolidando a Cultura de Inova\u00e7\u00e3o\u201d.<\/p>\n\n\n\n<p>A iniciativa da Sespa foi classificada na categoria de \u201cProjeto Inovador em processos organizacionais na Administra\u00e7\u00e3o P\u00fablica Estadual\u201d, cujo objetivo \u00e9 criar uma cultura de conscientiza\u00e7\u00e3o de combate ao desperd\u00edcio de recursos. A categoria busca fomentar a inova\u00e7\u00e3o em processos na administra\u00e7\u00e3o p\u00fablica, a partir do implemento de medidas qualitativas e de novas pr\u00e1ticas sustent\u00e1veis.<\/p>\n\n\n\n<p>A chefe da Divis\u00e3o de Servi\u00e7os Gerais da Sespa, Greice Mokarzel, enfatizou o diferencial do projeto da Sespa. \u201cEste projeto se destaca porque busca conscientizar a todos sobre as vantagens da pr\u00e1tica do uso sustent\u00e1vel dos recursos disponibilizados para a execu\u00e7\u00e3o eficiente das atividades realizadas pela secretaria em todo estado do Par\u00e1. Experi\u00eancia esta, que se bem oportunizada, poder\u00e1 beneficiar tamb\u00e9m a pr\u00f3pria sociedade, por meio de um processo de extens\u00e3o de cunho educativo comunit\u00e1rio\u201d, disse Greice.<\/p>\n\n\n\n<p>Para o secret\u00e1rio de Sa\u00fade P\u00fablica, R\u00f4mulo Rodovalho Gomes, ao longo dos \u00faltimos seis meses, o projeto tem agregado a\u00e7\u00f5es de educa\u00e7\u00e3o ambiental e tem tido bom acolhimento entre os servidores.<\/p>\n\n\n\n<p>\u201cAl\u00e9m da implementa\u00e7\u00e3o de novas pr\u00e1ticas sustent\u00e1veis, principalmente de combate ao desperd\u00edcio de energia el\u00e9trica, otimizam a melhoria cont\u00ednua da efici\u00eancia no servi\u00e7o p\u00fablico na \u00e1rea da sa\u00fade do Par\u00e1&#8221;, afirmou o secret\u00e1rio da Sespa.<\/p>\n\n\n\n<p>A edi\u00e7\u00e3o do Pr\u00eamio contou com 15 propostas disputando os trof\u00e9us, certificados e valores em dinheiro &#8211; variando entre R$ 4,4 mil e R$ 2,2 mil. Foram criadas tr\u00eas categorias: \u201cProjeto Inovador em processos organizacionais na Administra\u00e7\u00e3o P\u00fablica Estadual\u201d, \u201cProjeto Inovador em servi\u00e7os e pol\u00edticas p\u00fablicas na Administra\u00e7\u00e3o P\u00fablica Estadual\u201d e artigo com \u00eanfase em pol\u00edticas p\u00fablicas na gest\u00e3o estadual.<\/p>\n","protected":false},"excerpt":{"rendered":"<p>Iniciativa da Sespa foi classificada na categoria de projeto inovador em processos organizacionais na administra\u00e7\u00e3o p\u00fablica, e combate o desperd\u00edcio<\/p>\n","protected":false},"author":2,"featured_media":3601,"comment_status":"closed","ping_status":"open","sticky":false,"template":"","format":"standard","meta":{"om_disable_all_campaigns":false,"_mi_skip_tracking":false},"categories":[8],"tags":[10,16,17,18,24,31],"aioseo_notices":[],"_links":{"self":[{"href":"https:\/\/24horaspa.com.br\/index.php?rest_route=\/wp\/v2\/posts\/1413"}],"collection":[{"href":"https:\/\/24horaspa.com.br\/index.php?rest_route=\/wp\/v2\/posts"}],"about":[{"href":"https:\/\/24horaspa.com.br\/index.php?rest_route=\/wp\/v2\/types\/post"}],"author":[{"embeddable":true,"href":"https:\/\/24horaspa.com.br\/index.php?rest_route=\/wp\/v2\/users\/2"}],"replies":[{"embeddable":true,"href":"https:\/\/24horaspa.com.br\/index.php?rest_route=%2Fwp%2Fv2%2Fcomments&post=1413"}],"version-history":[{"count":2,"href":"https:\/\/24horaspa.com.br\/index.php?rest_route=\/wp\/v2\/posts\/1413\/revisions"}],"predecessor-version":[{"id":3603,"href":"https:\/\/24horaspa.com.br\/index.php?rest_route=\/wp\/v2\/posts\/1413\/revisions\/3603"}],"wp:featuredmedia":[{"embeddable":true,"href":"https:\/\/24horaspa.com.br\/index.php?rest_route=\/wp\/v2\/media\/3601"}],"wp:attachment":[{"href":"https:\/\/24horaspa.com.br\/index.php?rest_route=%2Fwp%2Fv2%2Fmedia&parent=1413"}],"wp:term":[{"taxonomy":"category","embeddable":true,"href":"https:\/\/24horaspa.com.br\/index.php?rest_route=%2Fwp%2Fv2%2Fcategories&post=1413"},{"taxonomy":"post_tag","embeddable":true,"href":"https:\/\/24horaspa.com.br\/index.php?rest_route=%2Fwp%2Fv2%2Ftags&post=1413"}],"curies":[{"name":"wp","href":"https:\/\/api.w.org\/{rel}","templated":true}]}}