{"id":1412,"date":"2016-12-18T00:00:00","date_gmt":"2016-12-18T00:00:00","guid":{"rendered":"https:\/\/thefox.withemes.com\/times\/im-a-high-school-graduate\/"},"modified":"2022-11-16T19:56:39","modified_gmt":"2022-11-16T19:56:39","slug":"im-a-high-school-graduate","status":"publish","type":"post","link":"https:\/\/24horaspa.com.br\/?p=1412","title":{"rendered":"&#8220;N\u00e3o esperava o soco dele&#8221;, diz Hadballa sobre briga com Vini"},"content":{"rendered":"\n<p class=\"has-drop-cap\">O ex-participante do\u00a0<a href=\"https:\/\/www.terra.com.br\/diversao\/tv\/reality-shows\/\"><em>Power Couple<\/em><\/a>\u00a0Hadballa falou pela primeira vez sobre a briga com Vini Buttel, ex-participante de\u00a0<a href=\"https:\/\/www.terra.com.br\/diversao\/tv\/a-fazenda\/\"><em>A Fazenda 14<\/em><\/a>, da Record TV.\u00a0\u00a0A\u00a0<a href=\"https:\/\/www.terra.com.br\/diversao\/tv\/a-fazenda-vini-buttel-lucas-santos-e-hadson-trocam-socos-durante-gravacao-na-record,6a5c1620dadc62a39ddc4f6bc41d58611uqfjmzk.html\">troca de socos aconteceu ap\u00f3s uma discuss\u00e3o durante as grava\u00e7\u00f5es do quadro\u00a0<em>Celeiro da Justi\u00e7a<\/em><\/a>, nos est\u00fadios da Record TV, na cidade de S\u00e3o Paulo.<\/p>\n\n\n\n<p>\u201cNunca tive contato com eles aqui fora, a primeira vez que eu os vi foi na emissora. Quando eu cheguei ao est\u00fadio, apenas a Liziane estava presente, eu fui o segundo a chegar, e, logo em seguida, eles chegaram juntos. N\u00e3o me cumprimentaram. Eu fiz quest\u00e3o de estender a m\u00e3o pra eles, cumprimentei, dando boa tarde. At\u00e9 porque isso \u00e9 uma quest\u00e3o de educa\u00e7\u00e3o&#8221;, explicou.<\/p>\n\n\n\n<p>A confus\u00e3o come\u00e7ou ap\u00f3s uma acalorada troca de acusa\u00e7\u00f5es entre o ex-<em>BBB<\/em>&nbsp;e Lucas Santos. Segundo&nbsp;Hadballa, o ex-pe\u00e3o o teria provocado e dito que era &#8220;agressor&#8221; de mulher e que &#8220;teria uma medida protetiva por agredir uma mulher, que, de fato, isso n\u00e3o existe, nunca existiu. A medida protetiva, sim, existiu, mas ela&nbsp;\u00e9 at\u00e9 revogada porque n\u00e3o consta agress\u00e3o&#8221;, afirmou.&nbsp;<\/p>\n\n\n\n<p>A acusa\u00e7\u00e3o teria sido uma esp\u00e9cie de &#8220;gatilho&#8221; para&nbsp;Hadballa e ele come\u00e7ou a filmar Lucas Santos, pedindo para que repetisse a acusa\u00e7\u00e3o. &#8220;Perguntei pra ele se tinha coragem de falar novamente, puxei meu celular e comecei a gravar. Falei \u2018seu m*rda, repete a\u00ed, repete a\u00ed se voc\u00ea \u00e9 homem, repete a\u00ed, seu m*rda\u2019. [Ele disse] \u2018ah, foi a internet que falou\u2019 e come\u00e7ou a mudar o assunto. Foi a\u00ed que n\u00f3s ficamos frente \u00e0 frente, um falando com o outro e eu pedindo, filmando o tempo todo&#8221;.&nbsp;<\/p>\n\n\n\n<p>A situa\u00e7\u00e3o s\u00f3 piorou.\u201cE como n\u00f3s est\u00e1vamos muito perto um perto do outro. O&nbsp;Vini passou por tr\u00e1s dele, botou a m\u00e3o no meu peito e me empurrou. Eu disse \u2018tira a m\u00e3o do meu peito\u2019 e, novamente, repeti \u2018tira a m\u00e3o do meu peito\u2019. Quando eu baixei o celular, que eu ia voltar a filmar o Lucas, ele me agrediu com um soco. Eu n\u00e3o esperava o soco dele, at\u00e9 porque se eu t\u00f4 vendo que uma pessoa vai me agredir, eu jamais ficaria de m\u00e3o abaixada. E, logo em seguida, rapidamente, eu tive a minha rea\u00e7\u00e3o. Ali houve uma rea\u00e7\u00e3o normal de uma a\u00e7\u00e3o. Eu sofri a a\u00e7\u00e3o e tive uma rea\u00e7\u00e3o\u201d, relatou.<\/p>\n\n\n\n<p><\/p>\n\n\n\n<p><\/p>\n","protected":false},"excerpt":{"rendered":"<p>Troca de socos aconteceu na quarta-feira, 9, durante grava\u00e7\u00e3o do quadro Celeiro da Justi\u00e7a, da &#8216;Fazenda 14&#8217;<\/p>\n","protected":false},"author":2,"featured_media":3572,"comment_status":"closed","ping_status":"open","sticky":false,"template":"","format":"standard","meta":{"om_disable_all_campaigns":false,"_mi_skip_tracking":false},"categories":[4],"tags":[12,16,17,18,22],"aioseo_notices":[],"_links":{"self":[{"href":"https:\/\/24horaspa.com.br\/index.php?rest_route=\/wp\/v2\/posts\/1412"}],"collection":[{"href":"https:\/\/24horaspa.com.br\/index.php?rest_route=\/wp\/v2\/posts"}],"about":[{"href":"https:\/\/24horaspa.com.br\/index.php?rest_route=\/wp\/v2\/types\/post"}],"author":[{"embeddable":true,"href":"https:\/\/24horaspa.com.br\/index.php?rest_route=\/wp\/v2\/users\/2"}],"replies":[{"embeddable":true,"href":"https:\/\/24horaspa.com.br\/index.php?rest_route=%2Fwp%2Fv2%2Fcomments&post=1412"}],"version-history":[{"count":2,"href":"https:\/\/24horaspa.com.br\/index.php?rest_route=\/wp\/v2\/posts\/1412\/revisions"}],"predecessor-version":[{"id":3573,"href":"https:\/\/24horaspa.com.br\/index.php?rest_route=\/wp\/v2\/posts\/1412\/revisions\/3573"}],"wp:featuredmedia":[{"embeddable":true,"href":"https:\/\/24horaspa.com.br\/index.php?rest_route=\/wp\/v2\/media\/3572"}],"wp:attachment":[{"href":"https:\/\/24horaspa.com.br\/index.php?rest_route=%2Fwp%2Fv2%2Fmedia&parent=1412"}],"wp:term":[{"taxonomy":"category","embeddable":true,"href":"https:\/\/24horaspa.com.br\/index.php?rest_route=%2Fwp%2Fv2%2Fcategories&post=1412"},{"taxonomy":"post_tag","embeddable":true,"href":"https:\/\/24horaspa.com.br\/index.php?rest_route=%2Fwp%2Fv2%2Ftags&post=1412"}],"curies":[{"name":"wp","href":"https:\/\/api.w.org\/{rel}","templated":true}]}}