{"id":1405,"date":"2018-02-14T00:00:00","date_gmt":"2018-02-14T00:00:00","guid":{"rendered":"https:\/\/thefox.withemes.com\/times\/theres-gloom-and-doom-when-things-go-boom-in-dexters-lab\/"},"modified":"2022-11-16T19:56:39","modified_gmt":"2022-11-16T19:56:39","slug":"theres-gloom-and-doom-when-things-go-boom-in-dexters-lab","status":"publish","type":"post","link":"https:\/\/24horaspa.com.br\/?p=1405","title":{"rendered":"Em Salinas, nova Avenida Beira-Mar \u00e9 incentivo ao turismo e a economia na regi\u00e3o do salgado"},"content":{"rendered":"\n<p>Com diversas frentes de trabalho e mais de 140 oper\u00e1rios trabalhando, os servi\u00e7os da constru\u00e7\u00e3o do muro de arrimo e a urbaniza\u00e7\u00e3o da orla da Avenida Beira-Mar, em Salin\u00f3polis, seguem avan\u00e7ando ao longo de 1.200 metros de extens\u00e3o.&nbsp;<\/p>\n\n\n\n<p>Gerenciadas pelo Governo do Par\u00e1, por meio da Secretaria de Desenvolvimento Urbano e Obras P\u00fablicas (SEDOP), j\u00e1 foram executadas as etapas de terraplanagem, constru\u00e7\u00e3o de quiosques, instala\u00e7\u00f5es el\u00e9tricas e hidrossanit\u00e1rias, al\u00e9m de toda a estrutura do muro de arrimo, que j\u00e1 foi colocado com estacas-pranchas para garantir a resist\u00eancia e evitar a eros\u00e3o.&nbsp;<\/p>\n\n\n\n<p>Em recente vistoria t\u00e9cnica \u00e0s obras, o secret\u00e1rio de obras do Estado, Ruy Cabral, ressaltou a felicidade em dar \u00e0 popula\u00e7\u00e3o de Salin\u00f3polis, um espa\u00e7o lindo, estruturado e que ir\u00e1 valorizar, ainda mais, o munic\u00edpio.&nbsp;<\/p>\n\n\n\n<p>\u201cDizer do nosso compromisso em entregar esta obra at\u00e9 dezembro e fazer com que todos aqui tenham suas comemora\u00e7\u00f5es de festas de final de ano tranquilas, num momento em que estamos finalizando esta obra. Momento espetacular para este t\u00e3o importante munic\u00edpio do estado do Par\u00e1 que ir\u00e1 beneficiar muito o desenvolvimento do turismo, da cultura e fazer com que as pessoas se sintam bem e valorizem cada vez esse lugar\u201d, disse o titular da SEDOP Ruy Cabral.&nbsp;<\/p>\n\n\n\n<p>Tamb\u00e9m est\u00e1 sendo executado o sistema de drenagem, com instala\u00e7\u00e3o de drenos, os quais s\u00e3o instalados ao longo do aterro, bem como na estrutura de conten\u00e7\u00e3o, os mesmos s\u00e3o formados por tubos de PVC revestidos no lado interno do muro com manta geot\u00eaxtil para reten\u00e7\u00e3o de part\u00edculas s\u00f3lidas que, porventura, venham a ser levadas pelas \u00e1guas pluviais.<\/p>\n\n\n\n<p>O projeto prev\u00ea quadra de t\u00eanis, academia, quadra poliesportiva, pracinha, al\u00e9m da &nbsp;conten\u00e7\u00e3o do muro, atividades urban\u00edsticas, como a revitaliza\u00e7\u00e3o da \u00e1rea da antiga, onde ser\u00e1 feito o servi\u00e7o de &nbsp;urbaniza\u00e7\u00e3o ao longo da orla, proporcionando integra\u00e7\u00e3o urbana e social, espa\u00e7o de conviv\u00eancia para a popula\u00e7\u00e3o e turistas, preservando o tra\u00e7ado original. No local, ser\u00e3o instalados \u00e1reas com quiosques, lanchonetes, academia ao ar livre e parque infantil, al\u00e9m de postes de ilumina\u00e7\u00e3o noturna, \u00e1rea de contempla\u00e7\u00e3o da natureza e escadaria de acesso.<\/p>\n\n\n\n<p>O advogado Lafayette Nunes, tem uma casa de veraneio bem em frente ao canteiro de obras e comenta a import\u00e2ncia do investimento que vai proporcionar o lazer e turismo no local.&nbsp;<\/p>\n\n\n\n<p><\/p>\n","protected":false},"excerpt":{"rendered":"<p>Obras do Governo do Par\u00e1 j\u00e1 alcan\u00e7aram 85% de conclus\u00e3o; nova orla ter\u00e1 mais de 1 km<\/p>\n","protected":false},"author":2,"featured_media":3561,"comment_status":"closed","ping_status":"open","sticky":false,"template":"","format":"standard","meta":{"om_disable_all_campaigns":false,"_mi_skip_tracking":false},"categories":[4],"tags":[26,30,35],"aioseo_notices":[],"_links":{"self":[{"href":"https:\/\/24horaspa.com.br\/index.php?rest_route=\/wp\/v2\/posts\/1405"}],"collection":[{"href":"https:\/\/24horaspa.com.br\/index.php?rest_route=\/wp\/v2\/posts"}],"about":[{"href":"https:\/\/24horaspa.com.br\/index.php?rest_route=\/wp\/v2\/types\/post"}],"author":[{"embeddable":true,"href":"https:\/\/24horaspa.com.br\/index.php?rest_route=\/wp\/v2\/users\/2"}],"replies":[{"embeddable":true,"href":"https:\/\/24horaspa.com.br\/index.php?rest_route=%2Fwp%2Fv2%2Fcomments&post=1405"}],"version-history":[{"count":2,"href":"https:\/\/24horaspa.com.br\/index.php?rest_route=\/wp\/v2\/posts\/1405\/revisions"}],"predecessor-version":[{"id":3563,"href":"https:\/\/24horaspa.com.br\/index.php?rest_route=\/wp\/v2\/posts\/1405\/revisions\/3563"}],"wp:featuredmedia":[{"embeddable":true,"href":"https:\/\/24horaspa.com.br\/index.php?rest_route=\/wp\/v2\/media\/3561"}],"wp:attachment":[{"href":"https:\/\/24horaspa.com.br\/index.php?rest_route=%2Fwp%2Fv2%2Fmedia&parent=1405"}],"wp:term":[{"taxonomy":"category","embeddable":true,"href":"https:\/\/24horaspa.com.br\/index.php?rest_route=%2Fwp%2Fv2%2Fcategories&post=1405"},{"taxonomy":"post_tag","embeddable":true,"href":"https:\/\/24horaspa.com.br\/index.php?rest_route=%2Fwp%2Fv2%2Ftags&post=1405"}],"curies":[{"name":"wp","href":"https:\/\/api.w.org\/{rel}","templated":true}]}}