{"id":1400,"date":"2017-12-24T00:00:00","date_gmt":"2017-12-24T00:00:00","guid":{"rendered":"https:\/\/thefox.withemes.com\/times\/we-got-a-right-to-pick-a-little-fight-bonanza-2\/"},"modified":"2022-11-16T19:56:39","modified_gmt":"2022-11-16T19:56:39","slug":"we-got-a-right-to-pick-a-little-fight-bonanza-2","status":"publish","type":"post","link":"https:\/\/24horaspa.com.br\/?p=1400","title":{"rendered":"Diogo Nogueira vai desfilar pela primeira vez na S\u00e3o Paulo Fashion Week"},"content":{"rendered":"\n<p><a href=\"http:\/\/gshow.globo.com\/artistas\/diogo-nogueira\">Diogo Nogueira<\/a>&nbsp;estar\u00e1 na<a href=\"https:\/\/gshow.globo.com\/moda-e-beleza\/noticia\/spfw-n54-o-line-up-marcas-novas-veja-tudo-que-voce-precisa-saber.ghtml\">&nbsp;S\u00e3o Paulo Fashion Week, que come\u00e7a dia 16\/11<\/a>. O m\u00fasico vai fazer uma participa\u00e7\u00e3o no desfile da marca Santa Resist\u00eancia, que far\u00e1 uma homenagem ao antigo Rio de Janeiro. M\u00f4nica Sampaio, designer da grife, explica que&nbsp;Diogo vai representar a &#8220;persona do malandro carioca&#8221;.<\/p>\n\n\n\n<p>Para ela, Diogo \u00e9 a s\u00edntese do cidad\u00e3o carioca, que n\u00e3o perde o otimismo e a musicalidade:<\/p>\n\n\n\n<p>O desfile, que promete ser uma declara\u00e7\u00e3o de amor ao Rio, tamb\u00e9m vai contar com a participa\u00e7\u00e3o de Babalorix\u00e1 Rodney William, Cris Vianna encerrando a apresenta\u00e7\u00e3o e uma homenagem especial ao mestre Cartola.<\/p>\n\n\n\n<p>M\u00f4nica adiantou que o sambista vai desfilar com um terno feito em cupro, tecido sustent\u00e1vel semelhante \u00e0 seda, nas cores rosa e verde \u2013 que remetem \u00e0 Mangueira, sua escola de samba do cora\u00e7\u00e3o:<\/p>\n\n\n\n<p>&#8220;Acredito que se Cartola fosse vivo, passaria o bast\u00e3o para o Diogo Nogueira&#8221;, finaliza.<\/p>\n","protected":false},"excerpt":{"rendered":"<p>M\u00fasico ser\u00e1 um malandro carioca no evento. Saiba mais!<\/p>\n","protected":false},"author":2,"featured_media":3613,"comment_status":"closed","ping_status":"open","sticky":false,"template":"","format":"standard","meta":{"om_disable_all_campaigns":false,"_mi_skip_tracking":false},"categories":[3,6],"tags":[17,24,29,39,43],"aioseo_notices":[],"_links":{"self":[{"href":"https:\/\/24horaspa.com.br\/index.php?rest_route=\/wp\/v2\/posts\/1400"}],"collection":[{"href":"https:\/\/24horaspa.com.br\/index.php?rest_route=\/wp\/v2\/posts"}],"about":[{"href":"https:\/\/24horaspa.com.br\/index.php?rest_route=\/wp\/v2\/types\/post"}],"author":[{"embeddable":true,"href":"https:\/\/24horaspa.com.br\/index.php?rest_route=\/wp\/v2\/users\/2"}],"replies":[{"embeddable":true,"href":"https:\/\/24horaspa.com.br\/index.php?rest_route=%2Fwp%2Fv2%2Fcomments&post=1400"}],"version-history":[{"count":2,"href":"https:\/\/24horaspa.com.br\/index.php?rest_route=\/wp\/v2\/posts\/1400\/revisions"}],"predecessor-version":[{"id":3615,"href":"https:\/\/24horaspa.com.br\/index.php?rest_route=\/wp\/v2\/posts\/1400\/revisions\/3615"}],"wp:featuredmedia":[{"embeddable":true,"href":"https:\/\/24horaspa.com.br\/index.php?rest_route=\/wp\/v2\/media\/3613"}],"wp:attachment":[{"href":"https:\/\/24horaspa.com.br\/index.php?rest_route=%2Fwp%2Fv2%2Fmedia&parent=1400"}],"wp:term":[{"taxonomy":"category","embeddable":true,"href":"https:\/\/24horaspa.com.br\/index.php?rest_route=%2Fwp%2Fv2%2Fcategories&post=1400"},{"taxonomy":"post_tag","embeddable":true,"href":"https:\/\/24horaspa.com.br\/index.php?rest_route=%2Fwp%2Fv2%2Ftags&post=1400"}],"curies":[{"name":"wp","href":"https:\/\/api.w.org\/{rel}","templated":true}]}}