{"id":1399,"date":"2017-01-30T00:00:00","date_gmt":"2017-01-30T00:00:00","guid":{"rendered":"https:\/\/thefox.withemes.com\/times\/one-for-four-four-for-one-this-we-guarantee\/"},"modified":"2022-11-16T19:56:39","modified_gmt":"2022-11-16T19:56:39","slug":"an-old-man-telling-me-about-wars","status":"publish","type":"post","link":"https:\/\/24horaspa.com.br\/?p=1399","title":{"rendered":"<strong>Dona Onete \u00e9 internada em UTI com infec\u00e7\u00e3o pulmonar<\/strong>"},"content":{"rendered":"\n<p class=\"has-drop-cap\">cantora e compositora Dona Onete, de 83 anos, foi internada nesta quinta-feira (10), no hospital Beneficente Portuguesa, em Bel\u00e9m, para tratamento de uma infec\u00e7\u00e3o pulmonar, segundo nota publicada pela fam\u00edlia e equipe da artista paraense.<\/p>\n\n\n\n<p>O texto divulgado nas redes sociais informa que Dona Onete foi alocada na Unidade de Terapia Intensiva (UTI), em raz\u00e3o de sua idade avan\u00e7ada. O quadro cl\u00ednico da cantora segue est\u00e1vel, conforme boletim m\u00e9dico. Entretanto, ainda n\u00e3o possui previs\u00e3o de alta.<\/p>\n\n\n\n<p>A nota tamb\u00e9m pede que os f\u00e3s da Rainha do Carimb\u00f3 Chamegado &#8220;mandem energia positiva para que ela se recupere logo&#8221; ao mesmo tempo em que procura tranquiliz\u00e1-los, afirmando que Dona Onete &#8220;est\u00e1 recebendo os melhores cuidados&#8221;.<\/p>\n\n\n\n<p>Novidades sobre a evolu\u00e7\u00e3o do quadro cl\u00ednico da cantora, ainda de acordo com a nota, ser\u00e3o divulgados por meio das redes sociais de Dona Onete.<\/p>\n","protected":false},"excerpt":{"rendered":"<p>A Rainha do Carimb\u00f3 Chamegado foi alocada na Unidade de Terapia Intensiva (UTI) do hospital Beneficente Portuguesa, em Bel\u00e9m. O quadro cl\u00ednico da artista \u00e9 est\u00e1vel, segundo boletim m\u00e9dico.<\/p>\n","protected":false},"author":2,"featured_media":3619,"comment_status":"closed","ping_status":"open","sticky":false,"template":"","format":"standard","meta":{"om_disable_all_campaigns":false,"_mi_skip_tracking":false},"categories":[5],"tags":[12,13,17,24,35,43],"aioseo_notices":[],"_links":{"self":[{"href":"https:\/\/24horaspa.com.br\/index.php?rest_route=\/wp\/v2\/posts\/1399"}],"collection":[{"href":"https:\/\/24horaspa.com.br\/index.php?rest_route=\/wp\/v2\/posts"}],"about":[{"href":"https:\/\/24horaspa.com.br\/index.php?rest_route=\/wp\/v2\/types\/post"}],"author":[{"embeddable":true,"href":"https:\/\/24horaspa.com.br\/index.php?rest_route=\/wp\/v2\/users\/2"}],"replies":[{"embeddable":true,"href":"https:\/\/24horaspa.com.br\/index.php?rest_route=%2Fwp%2Fv2%2Fcomments&post=1399"}],"version-history":[{"count":2,"href":"https:\/\/24horaspa.com.br\/index.php?rest_route=\/wp\/v2\/posts\/1399\/revisions"}],"predecessor-version":[{"id":3621,"href":"https:\/\/24horaspa.com.br\/index.php?rest_route=\/wp\/v2\/posts\/1399\/revisions\/3621"}],"wp:featuredmedia":[{"embeddable":true,"href":"https:\/\/24horaspa.com.br\/index.php?rest_route=\/wp\/v2\/media\/3619"}],"wp:attachment":[{"href":"https:\/\/24horaspa.com.br\/index.php?rest_route=%2Fwp%2Fv2%2Fmedia&parent=1399"}],"wp:term":[{"taxonomy":"category","embeddable":true,"href":"https:\/\/24horaspa.com.br\/index.php?rest_route=%2Fwp%2Fv2%2Fcategories&post=1399"},{"taxonomy":"post_tag","embeddable":true,"href":"https:\/\/24horaspa.com.br\/index.php?rest_route=%2Fwp%2Fv2%2Ftags&post=1399"}],"curies":[{"name":"wp","href":"https:\/\/api.w.org\/{rel}","templated":true}]}}