{"id":1396,"date":"2018-09-02T00:00:00","date_gmt":"2018-09-02T00:00:00","guid":{"rendered":"https:\/\/thefox.withemes.com\/times\/if-anyone-fights-anyone-of-us-hes-gotta-fight-with-me\/"},"modified":"2022-12-21T04:29:10","modified_gmt":"2022-12-21T04:29:10","slug":"if-anyone-fights-anyone-of-us-hes-gotta-fight-with-me","status":"publish","type":"post","link":"https:\/\/24horaspa.com.br\/?p=1396","title":{"rendered":"Natal \u00e9 comemorado com m\u00fasica no Hospital Regional Abelardo Santos"},"content":{"rendered":"\n<p>Na semana do Natal, os corredores do Hospital Regional Dr. Abelardo Santos (HRAS), em Icoaraci (distrito de Bel\u00e9m), receberam diversas apresenta\u00e7\u00f5es musicais. Elaborada pelo Grupo T\u00e9cnico de Humaniza\u00e7\u00e3o (GTH), a programa\u00e7\u00e3o contou com um \u201cFlash Mob de Natal\u201d, em que os pr\u00f3prios funcion\u00e1rios cantaram m\u00fasicas natalinas, al\u00e9m de apresenta\u00e7\u00e3o ao som de violino, nas recep\u00e7\u00f5es, enfermarias e sala de hemodi\u00e1lise.<\/p>\n\n\n\n<p>Enquanto aguardava para fazer um exame, Kelly Carneiro, 43 anos, assistiu a uma das atra\u00e7\u00f5es. \u201cNunca havia visto uma apresenta\u00e7\u00e3o musical dentro de um hospital. Achei bem legal e inovador\u201d, disse Kelly.<\/p>\n\n\n\n<p>Nas enfermarias, o \u201cFlash Mob\u201d fez sucesso entre pacientes e acompanhantes. Para Ana da Trindade, 85 anos, o momento foi t\u00e3o emocionante que ela pediu para cantarem outras vezes. \u201cFoi tudo lindo. Me emocionei\u201d, afirmou.<\/p>\n\n\n\n<p><strong>Humaniza\u00e7\u00e3o<\/strong>\u00a0&#8211; O Natal no Hospital Abelardo Santos foi realizado com o objetivo de oferecer, principalmente aos pacientes internados, um momento de acolhimento e alegria. \u201cSabemos que todos queriam estar em suas casas, comemorando a data com a fam\u00edlia, mas que por conta do tratamento n\u00e3o conseguir\u00e3o. Esperamos que com essas apresenta\u00e7\u00f5es eles sintam o acolhimento por parte do Hospital, e o clima de Natal\u201d, ressaltou o diretor-geral do HRAS, Jean Cleber.<\/p>\n\n\n\n<p>Para Suzane Silva, supervisora de Humaniza\u00e7\u00e3o do HRAS, a m\u00fasica foi o instrumento utilizado para levar mensagens de f\u00e9 e esperan\u00e7a aos pacientes e funcion\u00e1rios. \u201cColaboradores volunt\u00e1rios compraram a ideia, e esse foi o resultado. Um momento \u00edmpar, de muita emo\u00e7\u00e3o, onde conseguimos surpreender de forma positivs todas as pessoas que circulam pelo HRAS\u201d, disse a profissional.<\/p>\n\n\n\n<p>O Hospital Regional Dr. Abelardo Santos \u00e9 uma unidade de sa\u00fade da rede p\u00fablica estadual, gerenciada pela Organiza\u00e7\u00e3o Social Mais Sa\u00fade, em parceria com a Secretaria de Estado de Sa\u00fade P\u00fablica (Sespa).<\/p>\n","protected":false},"excerpt":{"rendered":"<p>Pacientes, acompanhantes e funcion\u00e1rios aproveitaram o momento de descontra\u00e7\u00e3o na rotina hospitalar<\/p>\n","protected":false},"author":2,"featured_media":3690,"comment_status":"closed","ping_status":"open","sticky":false,"template":"","format":"standard","meta":{"om_disable_all_campaigns":false,"_mi_skip_tracking":false},"categories":[8],"tags":[10,12,20,22,38],"aioseo_notices":[],"_links":{"self":[{"href":"https:\/\/24horaspa.com.br\/index.php?rest_route=\/wp\/v2\/posts\/1396"}],"collection":[{"href":"https:\/\/24horaspa.com.br\/index.php?rest_route=\/wp\/v2\/posts"}],"about":[{"href":"https:\/\/24horaspa.com.br\/index.php?rest_route=\/wp\/v2\/types\/post"}],"author":[{"embeddable":true,"href":"https:\/\/24horaspa.com.br\/index.php?rest_route=\/wp\/v2\/users\/2"}],"replies":[{"embeddable":true,"href":"https:\/\/24horaspa.com.br\/index.php?rest_route=%2Fwp%2Fv2%2Fcomments&post=1396"}],"version-history":[{"count":4,"href":"https:\/\/24horaspa.com.br\/index.php?rest_route=\/wp\/v2\/posts\/1396\/revisions"}],"predecessor-version":[{"id":3691,"href":"https:\/\/24horaspa.com.br\/index.php?rest_route=\/wp\/v2\/posts\/1396\/revisions\/3691"}],"wp:featuredmedia":[{"embeddable":true,"href":"https:\/\/24horaspa.com.br\/index.php?rest_route=\/wp\/v2\/media\/3690"}],"wp:attachment":[{"href":"https:\/\/24horaspa.com.br\/index.php?rest_route=%2Fwp%2Fv2%2Fmedia&parent=1396"}],"wp:term":[{"taxonomy":"category","embeddable":true,"href":"https:\/\/24horaspa.com.br\/index.php?rest_route=%2Fwp%2Fv2%2Fcategories&post=1396"},{"taxonomy":"post_tag","embeddable":true,"href":"https:\/\/24horaspa.com.br\/index.php?rest_route=%2Fwp%2Fv2%2Ftags&post=1396"}],"curies":[{"name":"wp","href":"https:\/\/api.w.org\/{rel}","templated":true}]}}